{"id":1034,"date":"2024-03-05T15:07:15","date_gmt":"2024-03-05T14:07:15","guid":{"rendered":"https:\/\/www.groupe-asten.fr\/blog\/temoignage-api\/"},"modified":"2025-11-06T17:32:52","modified_gmt":"2025-11-06T16:32:52","slug":"temoignage-api","status":"publish","type":"post","link":"https:\/\/www.groupe-asten.fr\/retail\/temoignage-api\/","title":{"rendered":"T\u00e9moignage Api"},"content":{"rendered":"\n<p>Api, ce sont des nouvelles sup\u00e9rettes, connect\u00e9es et toujours ouvertes, avec pr\u00e9sence quotidienne, qui remplissent leur fonction originelle et essentielle de proximit\u00e9 et de lien social que la campagne m\u00e9rite de retrouver. Pour une campagne plus dynamique, plus \u00e9quitable, plus connect\u00e9e et plus autonome.<\/p>\n\n\n\n<p>Asten Retail accompagner le d\u00e9veloppement de ces sup\u00e9rettes depuis janvier dernier.&nbsp; Fabien Espinasse, le CTO d\u2019<a href=\"https:\/\/api-masuperette.fr\/\" target=\"_blank\" rel=\"noreferrer noopener\">Api<\/a>, recherchait une solution d\u2019encaissement, solide, \u00e9volutive et au service du client. Et d\u2019apr\u00e8s son t\u00e9moignage, c\u2019est un pari relev\u00e9 par l\u2019\u00e9quipe d\u2019Asten Retail et sa suite logicielle Rpos.<\/p>\n\n\n\n<h3 class=\"wp-block-heading\"><strong>Quel \u00e9tait le besoin d\u2019Api ?<\/strong><\/h3>\n\n\n\n<p><em>Je cherchais \u00e0 s\u00e9lectionner et \u00e0 d\u00e9ployer un logiciel de caisse r\u00e9pondant \u00e0 ma logique des 3S, une solution :<\/em><\/p>\n\n\n\n<p><em>\u2605 Solide : maintenable et \u00e9volutive d\u2019une part, et r\u00e9siliente aux probl\u00e9matiques r\u00e9seau intrins\u00e8que au positionnement d\u2019API (r\u00e9seau de sup\u00e9rettes en milieu rural, n\u00e9cessitant la gestion de beaucoup de flux)<\/em><em><\/em><\/p>\n\n\n\n<p><em><\/em><em>\u2605 Scalable (\u00e9volutive) : API \u00e9volue tr\u00e8s vite. Il nous fallait une solution pouvant g\u00e9rer rapidement plus de 600 caisses<\/em><em><\/em><\/p>\n\n\n\n<p><em>\u2605&nbsp;<\/em><em>Au Service du client : permettant de r\u00e9aliser des animations commerciales<\/em><\/p>\n\n\n\n<h3 class=\"wp-block-heading\"><strong>Quelles sont les solutions qu\u2019Asten Retail vous a propos\u00e9es, quels sont les moyens mis en \u0153uvre et comment s\u2019est pass\u00e9 le projet ?<\/strong><\/h3>\n\n\n\n<p><em>Asten Retail nous a propos\u00e9 les solutions Rpos RMaster, Rloyalty et Rsales.<\/em><\/p>\n\n\n\n<p><em>L\u2019\u00e9quipe projet \u00e9tait professionnelle et v\u00e9ritablement engag\u00e9e, voire port\u00e9e par le projet. Le pilotage a \u00e9t\u00e9 excellent malgr\u00e9 la complexit\u00e9 de l\u2019environnement. Les jalons d\u00e9finis en amont ont \u00e9t\u00e9 respect\u00e9s, le budget ma\u00eetris\u00e9 et la qualit\u00e9 au rendez-vous.<\/em><\/p>\n\n\n\n<p><em>J\u2019ai particuli\u00e8rement appr\u00e9ci\u00e9 la r\u00e9activit\u00e9 d\u2019Asten Retail face \u00e0 ma demande de d\u00e9ploiement. Dans un contexte de points de vente autonomes, je craignais qu\u2019un d\u00e9ploiement ne \u201cbloque\u201d certaines sup\u00e9rettes. Mais l\u2019\u00e9quipe Retail a su r\u00e9pondre rapidement \u00e0 mes pr\u00e9occupations, en proposant une m\u00e9thodologie de transition claire, s\u00e9curisante et s\u00e9curis\u00e9e.<\/em><\/p>\n\n\n\n<h3 class=\"wp-block-heading\"><strong>Qu\u2019avez-vous particuli\u00e8rement appr\u00e9ci\u00e9 lors du d\u00e9ploiement de ce projet ?<\/strong><\/h3>\n\n\n\n<p><em>J\u2019ai particuli\u00e8rement appr\u00e9ci\u00e9 la simplicit\u00e9 de la mise en \u0153uvre de la solution dans un environnement complexe, ainsi que la transition rapide d\u2019un simple prestataire \u00e0 un v\u00e9ritable partenaire. Et bien s\u00fbr, la doudoune blanche de Timoth\u00e9e\u2026<\/em><\/p>\n\n\n\n<p>Merci aux sup\u00e9rettes Api pour leur confiance, et \u00e0 Fabien pour ce t\u00e9moignage \ud83d\ude42<\/p>\n\n\n\n<div class=\"wp-block__contact flex relative lg-f-gap6 has-background has-contrast-background-color  align has--font-size has-body-color\">\n\n\n    <div class=\"img--fond absolute-full zi0\">\n                      <img decoding=\"async\" src=\"https:\/\/www.groupe-asten.fr\/retail\/wp-content\/themes\/roquette-twig\/static\/images\/bg_bloc_contact_retail.webp\" alt=\"\">\n                  \n    <\/div>\n\n          <div class=\"contenu flex sm-f-fdc lg-f-aic lg-f-jcsb zi1\">\n                   \n        <div>\n              <h2 class=\"fw6 sm-mb1 has-body-color\">Acc\u00e9l\u00e9rez et s\u00e9curisez les<br>op\u00e9rations d&rsquo;encaissement de tous vos magasins<\/h2>\n\n             \n        <\/div>\n\n\n              \n\n\n            \n     <div class=\"sm-mt1\">\n            <a href=\"https:\/\/www.groupe-asten.fr\/contact\/\" class=\"cta--contrast--icon--r\">Contactez nous <svg class=\"btn_arrow_r\" width=\"13\" height=\"13\" viewBox=\"0 0 13 13\" fill=\"none\" xmlns=\"http:\/\/www.w3.org\/2000\/svg\">\n<path d=\"M9.86187 7.11266L0.748998 7.11266L0.748992 5.61527L9.86187 5.61526L5.84587 1.59926L6.90469 0.540435L12.7282 6.36396L6.90468 12.1875L5.84586 11.1287L9.86187 7.11266Z\" fill=\"black\"\/>\n<\/svg>\n<\/a>\n     <\/div>\n\n         \n\n          <\/div>\n\n  \n    <\/div>\n\n","protected":false},"excerpt":{"rendered":"<p>Api, ce sont des nouvelles sup\u00e9rettes connect\u00e9es et implant\u00e9es dans des villages pour les revitaliser et renforcer leur autonomie.<\/p>\n","protected":false},"author":3,"featured_media":1021,"comment_status":"closed","ping_status":"closed","sticky":false,"template":"","format":"standard","meta":{"_acf_changed":false,"_seopress_robots_primary_cat":"none","_seopress_titles_title":"","_seopress_titles_desc":"","_seopress_robots_index":"","footnotes":""},"categories":[11],"tags":[],"class_list":["post-1034","post","type-post","status-publish","format-standard","has-post-thumbnail","hentry","category-cat-retail"],"acf":[],"_links":{"self":[{"href":"https:\/\/www.groupe-asten.fr\/retail\/wp-json\/wp\/v2\/posts\/1034","targetHints":{"allow":["GET"]}}],"collection":[{"href":"https:\/\/www.groupe-asten.fr\/retail\/wp-json\/wp\/v2\/posts"}],"about":[{"href":"https:\/\/www.groupe-asten.fr\/retail\/wp-json\/wp\/v2\/types\/post"}],"author":[{"embeddable":true,"href":"https:\/\/www.groupe-asten.fr\/retail\/wp-json\/wp\/v2\/users\/3"}],"replies":[{"embeddable":true,"href":"https:\/\/www.groupe-asten.fr\/retail\/wp-json\/wp\/v2\/comments?post=1034"}],"version-history":[{"count":0,"href":"https:\/\/www.groupe-asten.fr\/retail\/wp-json\/wp\/v2\/posts\/1034\/revisions"}],"wp:featuredmedia":[{"embeddable":true,"href":"https:\/\/www.groupe-asten.fr\/retail\/wp-json\/wp\/v2\/media\/1021"}],"wp:attachment":[{"href":"https:\/\/www.groupe-asten.fr\/retail\/wp-json\/wp\/v2\/media?parent=1034"}],"wp:term":[{"taxonomy":"category","embeddable":true,"href":"https:\/\/www.groupe-asten.fr\/retail\/wp-json\/wp\/v2\/categories?post=1034"},{"taxonomy":"post_tag","embeddable":true,"href":"https:\/\/www.groupe-asten.fr\/retail\/wp-json\/wp\/v2\/tags?post=1034"}],"curies":[{"name":"wp","href":"https:\/\/api.w.org\/{rel}","templated":true}]}}